{"id":3551,"date":"2020-05-30T00:09:20","date_gmt":"2020-05-29T22:09:20","guid":{"rendered":"http:\/\/bcc-seguros.pt\/?p=3551"},"modified":"2021-10-08T13:23:23","modified_gmt":"2021-10-08T11:23:23","slug":"complementaire-sante-one","status":"publish","type":"post","link":"https:\/\/bcc-seguros.pt\/index.php\/fr\/2020\/05\/30\/complementaire-sante-one\/","title":{"rendered":"Compl\u00e9mentaire sant\u00e9 ONE"},"content":{"rendered":"\n<p><\/p>\n\n\n\n<p>Nous savons que vous l\u2019attendez et nous sommes maintenant pr\u00eat \u00e0 vous proposer notre nouvelle compl\u00e9mentaire sant\u00e9 ONE avec couverture compl\u00e8te en France et Portugal. <img decoding=\"async\" loading=\"lazy\" src=\"https:\/\/www.facebook.com\/images\/emoji.php\/v9\/t32\/3\/16\/1f1eb_1f1f7.png\" alt=\"\ud83c\uddeb\ud83c\uddf7\" width=\"16\" height=\"16\"><img decoding=\"async\" loading=\"lazy\" src=\"https:\/\/www.facebook.com\/images\/emoji.php\/v9\/ta6\/3\/16\/1f1f5_1f1f9.png\" alt=\"\ud83c\uddf5\ud83c\uddf9\" width=\"16\" height=\"16\"><\/p>\n\n\n\n<p>&#8211; Une seule protection sant\u00e9 pour \u00eatre couvert dans les 2 pays <br>&#8211; La t\u00e9l\u00e9consultation 24h\/24 et 7j\/7<img decoding=\"async\" loading=\"lazy\" src=\"https:\/\/www.facebook.com\/images\/emoji.php\/v9\/t5b\/3\/16\/1f469_200d_2695.png\" alt=\"\ud83d\udc69\u200d\u2695\ufe0f\" width=\"16\" height=\"16\"><br>&#8211; 6 niveaux de garanties au choix <img decoding=\"async\" loading=\"lazy\" src=\"https:\/\/www.facebook.com\/images\/emoji.php\/v9\/td5\/3\/16\/1f9b8_200d_2642.png\" alt=\"\ud83e\uddb8\u200d\u2642\ufe0f\" width=\"16\" height=\"16\"><br>&#8211; Une \u00e9quipe bilingue <img decoding=\"async\" loading=\"lazy\" src=\"https:\/\/www.facebook.com\/images\/emoji.php\/v9\/t8b\/3\/16\/1f4de.png\" alt=\"\ud83d\udcde\" width=\"16\" height=\"16\"> <\/p>\n\n\n\n<p>Tout au long du mois de mai d\u00e9couvrez les nombreux avantages de la compl\u00e9mentaire ONE. <br>C\u2019est l\u2019assurance d\u2019une protection compl\u00e9mentaire sant\u00e9 o\u00f9 que vous soyez <img decoding=\"async\" loading=\"lazy\" src=\"https:\/\/www.facebook.com\/images\/emoji.php\/v9\/t7d\/3\/16\/1f30d.png\" alt=\"\ud83c\udf0d\" width=\"16\" height=\"16\"> !<\/p>\n\n\n\n<p>Vous pouvez d\u00e8s aujourd\u2019hui recevoir plus d\u2019informations sur notre compl\u00e9metaire sant\u00e9 et obtenir un devis en prenant contact avec notre \u00e9quipe :<\/p>\n\n\n\n<p><img decoding=\"async\" loading=\"lazy\" src=\"https:\/\/www.facebook.com\/images\/emoji.php\/v9\/t24\/3\/16\/260e.png\" alt=\"\u260e\ufe0f\" width=\"16\" height=\"16\"> Par t\u00e9l\u00e9phone : +351 289 591 161 ou au +33 3 73 64 00 16<br><img decoding=\"async\" loading=\"lazy\" src=\"https:\/\/www.facebook.com\/images\/emoji.php\/v9\/tfc\/3\/16\/1f4e7.png\" alt=\"\ud83d\udce7\" width=\"16\" height=\"16\"> Par mail : contact@bcc-seguros.pt<\/p>\n\n\n\n<p>Notre agence est actuellement ferm\u00e9e en raison du COVID-19, mais nous vous retrouvons tr\u00e8s vite autour d\u2019un caf\u00e9 <img decoding=\"async\" loading=\"lazy\" src=\"https:\/\/www.facebook.com\/images\/emoji.php\/v9\/t93\/3\/16\/2615.png\" alt=\"\u2615\ufe0f\" width=\"16\" height=\"16\"> au 136, avenida Liberdade \u00e0 Albufeira<br>A bient\u00f4t<\/p>\n","protected":false},"excerpt":{"rendered":"<p>Nous savons que vous l\u2019attendez et nous sommes maintenant pr\u00eat \u00e0 vous proposer notre nouvelle compl\u00e9mentaire sant\u00e9 ONE avec couverture compl\u00e8te en France et Portugal. &#8211; Une seule protection sant\u00e9 pour \u00eatre couvert dans les 2 pays &#8211; La t\u00e9l\u00e9consultation 24h\/24 et 7j\/7&#8211; 6 niveaux de garanties au choix &#8211; Une \u00e9quipe bilingue Tout au [&hellip;]<\/p>\n","protected":false},"author":2,"featured_media":3552,"comment_status":"closed","ping_status":"closed","sticky":false,"template":"","format":"standard","meta":{"_monsterinsights_skip_tracking":false,"_monsterinsights_sitenote_active":false,"_monsterinsights_sitenote_note":"","_monsterinsights_sitenote_category":0},"categories":[67,66],"tags":[],"_links":{"self":[{"href":"https:\/\/bcc-seguros.pt\/index.php\/wp-json\/wp\/v2\/posts\/3551"}],"collection":[{"href":"https:\/\/bcc-seguros.pt\/index.php\/wp-json\/wp\/v2\/posts"}],"about":[{"href":"https:\/\/bcc-seguros.pt\/index.php\/wp-json\/wp\/v2\/types\/post"}],"author":[{"embeddable":true,"href":"https:\/\/bcc-seguros.pt\/index.php\/wp-json\/wp\/v2\/users\/2"}],"replies":[{"embeddable":true,"href":"https:\/\/bcc-seguros.pt\/index.php\/wp-json\/wp\/v2\/comments?post=3551"}],"version-history":[{"count":3,"href":"https:\/\/bcc-seguros.pt\/index.php\/wp-json\/wp\/v2\/posts\/3551\/revisions"}],"predecessor-version":[{"id":3930,"href":"https:\/\/bcc-seguros.pt\/index.php\/wp-json\/wp\/v2\/posts\/3551\/revisions\/3930"}],"wp:featuredmedia":[{"embeddable":true,"href":"https:\/\/bcc-seguros.pt\/index.php\/wp-json\/wp\/v2\/media\/3552"}],"wp:attachment":[{"href":"https:\/\/bcc-seguros.pt\/index.php\/wp-json\/wp\/v2\/media?parent=3551"}],"wp:term":[{"taxonomy":"category","embeddable":true,"href":"https:\/\/bcc-seguros.pt\/index.php\/wp-json\/wp\/v2\/categories?post=3551"},{"taxonomy":"post_tag","embeddable":true,"href":"https:\/\/bcc-seguros.pt\/index.php\/wp-json\/wp\/v2\/tags?post=3551"}],"curies":[{"name":"wp","href":"https:\/\/api.w.org\/{rel}","templated":true}]}}